{"id":1160,"date":"2025-11-29T14:37:53","date_gmt":"2025-11-29T20:37:53","guid":{"rendered":"https:\/\/aguaaeditoras.com\/?p=1160"},"modified":"2025-11-29T14:58:09","modified_gmt":"2025-11-29T20:58:09","slug":"yolanda-zamora-y-el-fuego-silencioso-del-periodismo-cultural","status":"publish","type":"post","link":"https:\/\/aguaaeditoras.com\/index.php\/2025\/11\/29\/yolanda-zamora-y-el-fuego-silencioso-del-periodismo-cultural\/","title":{"rendered":"Yolanda Zamora y el fuego silencioso del periodismo cultural"},"content":{"rendered":"<p><img loading=\"lazy\" decoding=\"async\" class=\"alignnone size-medium wp-image-1161\" src=\"https:\/\/aguaaeditoras.com\/wp-content\/uploads\/2025\/11\/250709_la-cultura-es-el-cisne-del-periodismo-yolanda-zamora_fil3-300x200.jpg\" alt=\"Photographer: Oscar Del Toro \" width=\"300\" height=\"200\" srcset=\"https:\/\/aguaaeditoras.com\/wp-content\/uploads\/2025\/11\/250709_la-cultura-es-el-cisne-del-periodismo-yolanda-zamora_fil3-300x200.jpg 300w, https:\/\/aguaaeditoras.com\/wp-content\/uploads\/2025\/11\/250709_la-cultura-es-el-cisne-del-periodismo-yolanda-zamora_fil3-1024x683.jpg 1024w, https:\/\/aguaaeditoras.com\/wp-content\/uploads\/2025\/11\/250709_la-cultura-es-el-cisne-del-periodismo-yolanda-zamora_fil3-768x512.jpg 768w, https:\/\/aguaaeditoras.com\/wp-content\/uploads\/2025\/11\/250709_la-cultura-es-el-cisne-del-periodismo-yolanda-zamora_fil3-1536x1024.jpg 1536w, https:\/\/aguaaeditoras.com\/wp-content\/uploads\/2025\/11\/250709_la-cultura-es-el-cisne-del-periodismo-yolanda-zamora_fil3-2048x1366.jpg 2048w, https:\/\/aguaaeditoras.com\/wp-content\/uploads\/2025\/11\/250709_la-cultura-es-el-cisne-del-periodismo-yolanda-zamora_fil3-372x248.jpg 372w\" sizes=\"auto, (max-width: 300px) 100vw, 300px\" \/><\/p>\n<p>Cuando una feria del libro decide homenajear a una periodista, est\u00e1 diciendo algo muy claro: los libros no caminan solos, necesitan voces que los acompa\u00f1en. Eso es lo que acaba de reconocer la Feria Internacional del Libro de Guadalajara al otorgar a Yolanda Zamora el Homenaje Nacional de Periodismo Cultural Fernando Ben\u00edtez 2025, que se entregar\u00e1 el 7 de diciembre en el Auditorio Juan Rulfo, en el marco de la edici\u00f3n 39 de la Feria Internacional del Libro de Guadalajara.<\/p>\n<p>No es un gesto menor. Es un mensaje a toda la cadena del libro: editoriales, autoras, librer\u00edas, bibliotecas y lectoras. Detr\u00e1s de cada cat\u00e1logo vivo hay, casi siempre, una mujer o un hombre que ha dedicado su vida a contar la cultura con paciencia, rigor y sensibilidad. En M\u00e9xico, una de esas voces se llama Yolanda Zamora.<\/p>\n<h2><strong>\u00bfQui\u00e9n es Yolanda Zamora? <\/strong><\/h2>\n<p><em>Una vida dedicada a escuchar y a preguntar<\/em><\/p>\n<p>Yolanda Zamora naci\u00f3 en 1949, en Mazatl\u00e1n, Sinaloa, aunque ella misma se asume \u201cjalisciense, incluso jalisquilla\u201d, porque su trayectoria profesional y afectiva est\u00e1 anclada en Guadalajara.<\/p>\n<p>Es doctora en Filosof\u00eda de la Educaci\u00f3n (ITESO), licenciada en Ciencias y T\u00e9cnica de la Comunicaci\u00f3n y diplomada en Letras (UNIVA). Sobre todo, es una pionera del periodismo cultural radiof\u00f3nico en M\u00e9xico: desde los a\u00f1os setenta ha conducido y producido programas que se han vuelto referencia para generaciones de radioescuchas.<\/p>\n<p>Entre sus programas m\u00e1s emblem\u00e1ticos est\u00e1n:<\/p>\n<p><strong><em>\u00a0\u201cPanorama cultural\u201d,<\/em><\/strong> uno de los primeros noticieros dedicados por completo a la cultura en la radio mexicana.<\/p>\n<p><strong><em>\u201cA las nueve con usted\u201d,<\/em><\/strong> nacido en 1984 en la XEJB, espacio desde el que ha tejido entrevistas memorables con escritoras, escritores, artistas y cient\u00edficos.<\/p>\n<p><strong><em>\u00a0\u201cPerfiles\u201d y \u201cLa Passarola\u201d<\/em><\/strong>, donde la conversaci\u00f3n se vuelve casi un arte mayor: m\u00e1s que preguntar por un libro, Zamora entra a la vida interior de sus invitadas e invitados.<\/p>\n<p>En m\u00e1s de 50 a\u00f1os de trabajo, su voz ha acompa\u00f1ado la vida cultural del pa\u00eds desde Guadalajara, lejos del centralismo medi\u00e1tico de la Ciudad de M\u00e9xico, y ha servido de puente entre el p\u00fablico y \u201clas grandes figuras del arte, la literatura y el pensamiento\u201d, como subraya el propio comit\u00e9 que propuso su homenaje.<\/p>\n<h1><strong>Sin periodistas culturales no hay ecos, s\u00f3lo lanzamientos<\/strong><\/h1>\n<p><img loading=\"lazy\" decoding=\"async\" class=\"alignnone size-medium wp-image-1162\" src=\"https:\/\/aguaaeditoras.com\/wp-content\/uploads\/2025\/11\/NotaPeriodistasCulturales-300x225.jpg\" alt=\"\" width=\"300\" height=\"225\" srcset=\"https:\/\/aguaaeditoras.com\/wp-content\/uploads\/2025\/11\/NotaPeriodistasCulturales-300x225.jpg 300w, https:\/\/aguaaeditoras.com\/wp-content\/uploads\/2025\/11\/NotaPeriodistasCulturales-1024x768.jpg 1024w, https:\/\/aguaaeditoras.com\/wp-content\/uploads\/2025\/11\/NotaPeriodistasCulturales-768x576.jpg 768w, https:\/\/aguaaeditoras.com\/wp-content\/uploads\/2025\/11\/NotaPeriodistasCulturales-1536x1152.jpg 1536w, https:\/\/aguaaeditoras.com\/wp-content\/uploads\/2025\/11\/NotaPeriodistasCulturales-2048x1536.jpg 2048w, https:\/\/aguaaeditoras.com\/wp-content\/uploads\/2025\/11\/NotaPeriodistasCulturales-372x279.jpg 372w\" sizes=\"auto, (max-width: 300px) 100vw, 300px\" \/><\/p>\n<p>Un libro necesita lectores, pero antes necesita conversaci\u00f3n. Un bolet\u00edn de prensa puede informar; una entrevista bien hecha puede encender curiosidad, empat\u00eda, debate.<\/p>\n<p>El trabajo de periodistas culturales como Yolanda Zamora, Premio Periodismo Cultural 2025, importa porque:<\/p>\n<ul>\n<li>Amplifican voces. No s\u00f3lo entrevistan nombres consagrados; dan espacio a autoras, autores y proyectos que, de otro modo, quedar\u00edan fuera del radar.<\/li>\n<li>Tejen memoria. Archivan en audio y en texto las conversaciones de una \u00e9poca. Dentro de algunos a\u00f1os, muchas de las entrevistas de Zamora ser\u00e1n tambi\u00e9n material de consulta hist\u00f3rica.<\/li>\n<li>Traducen complejidad. Cuando hablan de filosof\u00eda, ciencia, literatura o arte contempor\u00e1neo, lo hacen en un lenguaje que invita, no que expulsa.<\/li>\n<\/ul>\n<p>En un pa\u00eds donde la lectura todav\u00eda se enfrenta a desigualdades profundas, el periodismo cultural es una forma de pol\u00edtica de acceso: entra a casas, camiones, talleres, oficinas, cocinas; lleva la Feria del Libro a quienes no pueden viajar a Guadalajara; abre la puerta a autoras y autores que no siempre aparecen en las marquesinas.<\/p>\n<p><strong>\u00a0<\/strong><strong>Lo que este homenaje dice a las editoriales<\/strong><\/p>\n<p>Para quienes hacemos libros, el reconocimiento a Yolanda Zamora tambi\u00e9n es una llamada de atenci\u00f3n:<\/p>\n<ul>\n<li>Nos recuerda que no basta con publicar, hay que construir rutas para que las obras lleguen a la conversaci\u00f3n p\u00fablica.<\/li>\n<li>Nos invita a cuidar la relaci\u00f3n con periodistas culturales como un di\u00e1logo, no como un canal de \u201cpromoci\u00f3n gratuita\u201d.<\/li>\n<li>Nos obliga a pensar en formatos diversos: el libro que presentamos en mesa tambi\u00e9n puede tener vida en la radio, en p\u00f3dcasts, en c\u00e1psulas, en cr\u00f3nicas.<\/li>\n<\/ul>\n<p>La trayectoria de Zamora muestra algo que en Aguaa nos importa mucho: cuando la cultura se aborda con rigor, pasi\u00f3n y respeto por la audiencia, los libros dejan de ser objetos silenciosos y se convierten en acontecimientos.<\/p>\n","protected":false},"excerpt":{"rendered":"<p>Cuando una feria del libro decide homenajear a una periodista, est\u00e1 diciendo algo muy claro: los libros no caminan solos, necesitan voces que los acompa\u00f1en. Eso es lo que acaba de reconocer la Feria Internacional del Libro de Guadalajara al otorgar a Yolanda Zamora el Homenaje Nacional de Periodismo Cultural Fernando Ben\u00edtez 2025, que se [&hellip;]<\/p>\n","protected":false},"author":3,"featured_media":1162,"comment_status":"open","ping_status":"closed","sticky":false,"template":"","format":"standard","meta":{"_jetpack_memberships_contains_paid_content":false,"footnotes":""},"categories":[16],"tags":[17,21],"class_list":["post-1160","post","type-post","status-publish","format-standard","has-post-thumbnail","hentry","category-blogaguaa","tag-librosconpatitas","tag-filguadalajara-2025"],"jetpack_sharing_enabled":true,"jetpack_featured_media_url":"https:\/\/aguaaeditoras.com\/wp-content\/uploads\/2025\/11\/NotaPeriodistasCulturales-scaled.jpg","_links":{"self":[{"href":"https:\/\/aguaaeditoras.com\/index.php\/wp-json\/wp\/v2\/posts\/1160","targetHints":{"allow":["GET"]}}],"collection":[{"href":"https:\/\/aguaaeditoras.com\/index.php\/wp-json\/wp\/v2\/posts"}],"about":[{"href":"https:\/\/aguaaeditoras.com\/index.php\/wp-json\/wp\/v2\/types\/post"}],"author":[{"embeddable":true,"href":"https:\/\/aguaaeditoras.com\/index.php\/wp-json\/wp\/v2\/users\/3"}],"replies":[{"embeddable":true,"href":"https:\/\/aguaaeditoras.com\/index.php\/wp-json\/wp\/v2\/comments?post=1160"}],"version-history":[{"count":2,"href":"https:\/\/aguaaeditoras.com\/index.php\/wp-json\/wp\/v2\/posts\/1160\/revisions"}],"predecessor-version":[{"id":1164,"href":"https:\/\/aguaaeditoras.com\/index.php\/wp-json\/wp\/v2\/posts\/1160\/revisions\/1164"}],"wp:featuredmedia":[{"embeddable":true,"href":"https:\/\/aguaaeditoras.com\/index.php\/wp-json\/wp\/v2\/media\/1162"}],"wp:attachment":[{"href":"https:\/\/aguaaeditoras.com\/index.php\/wp-json\/wp\/v2\/media?parent=1160"}],"wp:term":[{"taxonomy":"category","embeddable":true,"href":"https:\/\/aguaaeditoras.com\/index.php\/wp-json\/wp\/v2\/categories?post=1160"},{"taxonomy":"post_tag","embeddable":true,"href":"https:\/\/aguaaeditoras.com\/index.php\/wp-json\/wp\/v2\/tags?post=1160"}],"curies":[{"name":"wp","href":"https:\/\/api.w.org\/{rel}","templated":true}]}}